{"id":6300,"date":"2020-06-08T12:32:09","date_gmt":"2020-06-08T10:32:09","guid":{"rendered":"https:\/\/barbanti.it\/texcare-international-a-francoforte\/"},"modified":"2020-11-02T11:31:28","modified_gmt":"2020-11-02T10:31:28","slug":"texcare-internacional-en-francfort","status":"publish","type":"post","link":"https:\/\/barbanti.it\/es\/texcare-internacional-en-francfort\/","title":{"rendered":"Texcare Internacional en Francfort"},"content":{"rendered":"\n<h4 class=\"wp-block-heading\">Nuevas fechas: el pr\u00f3ximo Texcare Internacional se celebrar\u00e1 del 27 de noviembre al 1 de diciembre de 2021<\/h4>\n\n\n\n<p>Dada la actual situaci\u00f3n mundial causada por la pandemia de Coronavirus, as\u00ed como las restricciones asociadas a los acontecimientos y los viajes a gran escala, Messe Frankfurt y sus socios, la German Dry Cleaning Association y VDMA Textile Care, Fabric and Leather Technologies, han decidido retrasar Texcare International.<br>La principal feria mundial de tejidos se celebrar\u00e1 en Fr\u00e1ncfort del Meno del 27 de noviembre al 1 de diciembre de 2021.<\/p>\n\n\n\n<p><\/p>\n","protected":false},"excerpt":{"rendered":"<p>Nuevas fechas: el pr\u00f3ximo Texcare Internacional se celebrar\u00e1 del 27 de noviembre al 1 de diciembre de 2021 Dada la actual situaci\u00f3n mundial causada por la pandemia de Coronavirus, as\u00ed como las restricciones asociadas a los acontecimientos y los viajes a gran escala, Messe Frankfurt y sus socios, la German Dry Cleaning Association y VDMA [&hellip;]<\/p>\n","protected":false},"author":1,"featured_media":6302,"comment_status":"closed","ping_status":"open","sticky":false,"template":"","format":"standard","meta":{"inline_featured_image":false,"footnotes":""},"categories":[271],"tags":[],"acf":[],"yoast_head":"<!-- This site is optimized with the Yoast SEO plugin v21.5 - https:\/\/yoast.com\/wordpress\/plugins\/seo\/ -->\n<title>Texcare Internacional en Francfort - Barbanti<\/title>\n<meta name=\"robots\" content=\"index, follow, max-snippet:-1, max-image-preview:large, max-video-preview:-1\" \/>\n<link rel=\"canonical\" href=\"https:\/\/barbanti.it\/es\/texcare-internacional-en-francfort\/\" \/>\n<meta property=\"og:locale\" content=\"es_ES\" \/>\n<meta property=\"og:type\" content=\"article\" \/>\n<meta property=\"og:title\" content=\"Texcare Internacional en Francfort - Barbanti\" \/>\n<meta property=\"og:description\" content=\"Nuevas fechas: el pr\u00f3ximo Texcare Internacional se celebrar\u00e1 del 27 de noviembre al 1 de diciembre de 2021 Dada la actual situaci\u00f3n mundial causada por la pandemia de Coronavirus, as\u00ed como las restricciones asociadas a los acontecimientos y los viajes a gran escala, Messe Frankfurt y sus socios, la German Dry Cleaning Association y VDMA [&hellip;]\" \/>\n<meta property=\"og:url\" content=\"https:\/\/barbanti.it\/es\/texcare-internacional-en-francfort\/\" \/>\n<meta property=\"og:site_name\" content=\"Barbanti\" \/>\n<meta property=\"article:published_time\" content=\"2020-06-08T10:32:09+00:00\" \/>\n<meta property=\"article:modified_time\" content=\"2020-11-02T10:31:28+00:00\" \/>\n<meta property=\"og:image\" content=\"https:\/\/barbanti.it\/wp-content\/uploads\/2020\/06\/barbanti-expo.jpg\" \/>\n\t<meta property=\"og:image:width\" content=\"1500\" \/>\n\t<meta property=\"og:image:height\" content=\"500\" \/>\n\t<meta property=\"og:image:type\" content=\"image\/jpeg\" \/>\n<meta name=\"author\" content=\"studiokina\" \/>\n<meta name=\"twitter:card\" content=\"summary_large_image\" \/>\n<meta name=\"twitter:label1\" content=\"Escrito por\" \/>\n\t<meta name=\"twitter:data1\" content=\"studiokina\" \/>\n<script type=\"application\/ld+json\" class=\"yoast-schema-graph\">{\"@context\":\"https:\/\/schema.org\",\"@graph\":[{\"@type\":\"Article\",\"@id\":\"https:\/\/barbanti.it\/es\/texcare-internacional-en-francfort\/#article\",\"isPartOf\":{\"@id\":\"https:\/\/barbanti.it\/es\/texcare-internacional-en-francfort\/\"},\"author\":{\"name\":\"studiokina\",\"@id\":\"https:\/\/barbanti.it\/#\/schema\/person\/f9307d492df786bf692acab3173c7368\"},\"headline\":\"Texcare Internacional en Francfort\",\"datePublished\":\"2020-06-08T10:32:09+00:00\",\"dateModified\":\"2020-11-02T10:31:28+00:00\",\"mainEntityOfPage\":{\"@id\":\"https:\/\/barbanti.it\/es\/texcare-internacional-en-francfort\/\"},\"wordCount\":89,\"publisher\":{\"@id\":\"https:\/\/barbanti.it\/#organization\"},\"articleSection\":[\"Ferias y acontecimientos\"],\"inLanguage\":\"es\"},{\"@type\":\"WebPage\",\"@id\":\"https:\/\/barbanti.it\/es\/texcare-internacional-en-francfort\/\",\"url\":\"https:\/\/barbanti.it\/es\/texcare-internacional-en-francfort\/\",\"name\":\"Texcare Internacional en Francfort - Barbanti\",\"isPartOf\":{\"@id\":\"https:\/\/barbanti.it\/#website\"},\"datePublished\":\"2020-06-08T10:32:09+00:00\",\"dateModified\":\"2020-11-02T10:31:28+00:00\",\"inLanguage\":\"es\",\"potentialAction\":[{\"@type\":\"ReadAction\",\"target\":[\"https:\/\/barbanti.it\/es\/texcare-internacional-en-francfort\/\"]}]},{\"@type\":\"WebSite\",\"@id\":\"https:\/\/barbanti.it\/#website\",\"url\":\"https:\/\/barbanti.it\/\",\"name\":\"Barbanti\",\"description\":\"Attrezzature per stiro industriale\",\"publisher\":{\"@id\":\"https:\/\/barbanti.it\/#organization\"},\"potentialAction\":[{\"@type\":\"SearchAction\",\"target\":{\"@type\":\"EntryPoint\",\"urlTemplate\":\"https:\/\/barbanti.it\/?s={search_term_string}\"},\"query-input\":\"required name=search_term_string\"}],\"inLanguage\":\"es\"},{\"@type\":\"Organization\",\"@id\":\"https:\/\/barbanti.it\/#organization\",\"name\":\"Barbanti\",\"url\":\"https:\/\/barbanti.it\/\",\"logo\":{\"@type\":\"ImageObject\",\"inLanguage\":\"es\",\"@id\":\"https:\/\/barbanti.it\/#\/schema\/logo\/image\/\",\"url\":\"https:\/\/barbanti.it\/wp-content\/uploads\/2020\/09\/logo.svg\",\"contentUrl\":\"https:\/\/barbanti.it\/wp-content\/uploads\/2020\/09\/logo.svg\",\"width\":449,\"height\":119,\"caption\":\"Barbanti\"},\"image\":{\"@id\":\"https:\/\/barbanti.it\/#\/schema\/logo\/image\/\"}},{\"@type\":\"Person\",\"@id\":\"https:\/\/barbanti.it\/#\/schema\/person\/f9307d492df786bf692acab3173c7368\",\"name\":\"studiokina\",\"image\":{\"@type\":\"ImageObject\",\"inLanguage\":\"es\",\"@id\":\"https:\/\/barbanti.it\/#\/schema\/person\/image\/\",\"url\":\"https:\/\/barbanti.it\/wp-content\/litespeed\/avatar\/ed2ef2bfc68d6beb9f1c4dd662c4af81.jpg?ver=1777520788\",\"contentUrl\":\"https:\/\/barbanti.it\/wp-content\/litespeed\/avatar\/ed2ef2bfc68d6beb9f1c4dd662c4af81.jpg?ver=1777520788\",\"caption\":\"studiokina\"},\"sameAs\":[\"http:\/\/barbanti.it\"],\"url\":\"https:\/\/barbanti.it\/es\/author\/studiokina\/\"}]}<\/script>\n<!-- \/ Yoast SEO plugin. -->","yoast_head_json":{"title":"Texcare Internacional en Francfort - Barbanti","robots":{"index":"index","follow":"follow","max-snippet":"max-snippet:-1","max-image-preview":"max-image-preview:large","max-video-preview":"max-video-preview:-1"},"canonical":"https:\/\/barbanti.it\/es\/texcare-internacional-en-francfort\/","og_locale":"es_ES","og_type":"article","og_title":"Texcare Internacional en Francfort - Barbanti","og_description":"Nuevas fechas: el pr\u00f3ximo Texcare Internacional se celebrar\u00e1 del 27 de noviembre al 1 de diciembre de 2021 Dada la actual situaci\u00f3n mundial causada por la pandemia de Coronavirus, as\u00ed como las restricciones asociadas a los acontecimientos y los viajes a gran escala, Messe Frankfurt y sus socios, la German Dry Cleaning Association y VDMA [&hellip;]","og_url":"https:\/\/barbanti.it\/es\/texcare-internacional-en-francfort\/","og_site_name":"Barbanti","article_published_time":"2020-06-08T10:32:09+00:00","article_modified_time":"2020-11-02T10:31:28+00:00","og_image":[{"width":1500,"height":500,"url":"https:\/\/barbanti.it\/wp-content\/uploads\/2020\/06\/barbanti-expo.jpg","type":"image\/jpeg"}],"author":"studiokina","twitter_card":"summary_large_image","twitter_misc":{"Escrito por":"studiokina"},"schema":{"@context":"https:\/\/schema.org","@graph":[{"@type":"Article","@id":"https:\/\/barbanti.it\/es\/texcare-internacional-en-francfort\/#article","isPartOf":{"@id":"https:\/\/barbanti.it\/es\/texcare-internacional-en-francfort\/"},"author":{"name":"studiokina","@id":"https:\/\/barbanti.it\/#\/schema\/person\/f9307d492df786bf692acab3173c7368"},"headline":"Texcare Internacional en Francfort","datePublished":"2020-06-08T10:32:09+00:00","dateModified":"2020-11-02T10:31:28+00:00","mainEntityOfPage":{"@id":"https:\/\/barbanti.it\/es\/texcare-internacional-en-francfort\/"},"wordCount":89,"publisher":{"@id":"https:\/\/barbanti.it\/#organization"},"articleSection":["Ferias y acontecimientos"],"inLanguage":"es"},{"@type":"WebPage","@id":"https:\/\/barbanti.it\/es\/texcare-internacional-en-francfort\/","url":"https:\/\/barbanti.it\/es\/texcare-internacional-en-francfort\/","name":"Texcare Internacional en Francfort - Barbanti","isPartOf":{"@id":"https:\/\/barbanti.it\/#website"},"datePublished":"2020-06-08T10:32:09+00:00","dateModified":"2020-11-02T10:31:28+00:00","inLanguage":"es","potentialAction":[{"@type":"ReadAction","target":["https:\/\/barbanti.it\/es\/texcare-internacional-en-francfort\/"]}]},{"@type":"WebSite","@id":"https:\/\/barbanti.it\/#website","url":"https:\/\/barbanti.it\/","name":"Barbanti","description":"Attrezzature per stiro industriale","publisher":{"@id":"https:\/\/barbanti.it\/#organization"},"potentialAction":[{"@type":"SearchAction","target":{"@type":"EntryPoint","urlTemplate":"https:\/\/barbanti.it\/?s={search_term_string}"},"query-input":"required name=search_term_string"}],"inLanguage":"es"},{"@type":"Organization","@id":"https:\/\/barbanti.it\/#organization","name":"Barbanti","url":"https:\/\/barbanti.it\/","logo":{"@type":"ImageObject","inLanguage":"es","@id":"https:\/\/barbanti.it\/#\/schema\/logo\/image\/","url":"https:\/\/barbanti.it\/wp-content\/uploads\/2020\/09\/logo.svg","contentUrl":"https:\/\/barbanti.it\/wp-content\/uploads\/2020\/09\/logo.svg","width":449,"height":119,"caption":"Barbanti"},"image":{"@id":"https:\/\/barbanti.it\/#\/schema\/logo\/image\/"}},{"@type":"Person","@id":"https:\/\/barbanti.it\/#\/schema\/person\/f9307d492df786bf692acab3173c7368","name":"studiokina","image":{"@type":"ImageObject","inLanguage":"es","@id":"https:\/\/barbanti.it\/#\/schema\/person\/image\/","url":"https:\/\/barbanti.it\/wp-content\/litespeed\/avatar\/ed2ef2bfc68d6beb9f1c4dd662c4af81.jpg?ver=1777520788","contentUrl":"https:\/\/barbanti.it\/wp-content\/litespeed\/avatar\/ed2ef2bfc68d6beb9f1c4dd662c4af81.jpg?ver=1777520788","caption":"studiokina"},"sameAs":["http:\/\/barbanti.it"],"url":"https:\/\/barbanti.it\/es\/author\/studiokina\/"}]}},"_links":{"self":[{"href":"https:\/\/barbanti.it\/es\/wp-json\/wp\/v2\/posts\/6300"}],"collection":[{"href":"https:\/\/barbanti.it\/es\/wp-json\/wp\/v2\/posts"}],"about":[{"href":"https:\/\/barbanti.it\/es\/wp-json\/wp\/v2\/types\/post"}],"author":[{"embeddable":true,"href":"https:\/\/barbanti.it\/es\/wp-json\/wp\/v2\/users\/1"}],"replies":[{"embeddable":true,"href":"https:\/\/barbanti.it\/es\/wp-json\/wp\/v2\/comments?post=6300"}],"version-history":[{"count":1,"href":"https:\/\/barbanti.it\/es\/wp-json\/wp\/v2\/posts\/6300\/revisions"}],"predecessor-version":[{"id":6304,"href":"https:\/\/barbanti.it\/es\/wp-json\/wp\/v2\/posts\/6300\/revisions\/6304"}],"wp:featuredmedia":[{"embeddable":true,"href":"https:\/\/barbanti.it\/es\/wp-json\/wp\/v2\/media\/6302"}],"wp:attachment":[{"href":"https:\/\/barbanti.it\/es\/wp-json\/wp\/v2\/media?parent=6300"}],"wp:term":[{"taxonomy":"category","embeddable":true,"href":"https:\/\/barbanti.it\/es\/wp-json\/wp\/v2\/categories?post=6300"},{"taxonomy":"post_tag","embeddable":true,"href":"https:\/\/barbanti.it\/es\/wp-json\/wp\/v2\/tags?post=6300"}],"curies":[{"name":"wp","href":"https:\/\/api.w.org\/{rel}","templated":true}]}}