{"id":4340,"date":"2020-06-08T12:32:09","date_gmt":"2020-06-08T10:32:09","guid":{"rendered":"https:\/\/barbanti.it\/texcare-internation-in-frankfurt\/"},"modified":"2020-09-25T14:24:12","modified_gmt":"2020-09-25T12:24:12","slug":"texcare-international-a-francfort","status":"publish","type":"post","link":"https:\/\/barbanti.it\/fr\/texcare-international-a-francfort\/","title":{"rendered":"Texcare international \u00e0 francfort"},"content":{"rendered":"\n<h4 class=\"wp-block-heading\">Nouvelles Dates : Texcare International se tiendra du 27 Novembre au 1er D\u00e9cembre 2021\u00a0<\/h4>\n\n\n\n<p>\u00c0 cause de la situation mondiale due \u00e0 la pand\u00e9mie de Coronavirus et aux cons\u00e9quentes restrictions concernant les grands \u00e9v\u00e9nements et les d\u00e9placements, Messe Frankfurt et ses partenaires, l\u2019Association des Pressings Allemands et VDMA Textile Care, Fabric and Leather Technologies ont d\u00e9cid\u00e9 de reporter de nouveau Texcare International.<\/p>\n\n\n\n<p>Le salon international de l\u2019entretien des textiles se tiendra \u00e0 Francfort-sur-le-Main du 27 novembre au 1<sup>er<\/sup> d\u00e9cembre 2021.<\/p>\n\n\n\n<p><\/p>\n","protected":false},"excerpt":{"rendered":"<p>Nouvelles Dates : Texcare International se tiendra du 27 Novembre au 1er D\u00e9cembre 2021\u00a0 \u00c0 cause de la situation mondiale due \u00e0 la pand\u00e9mie de Coronavirus et aux cons\u00e9quentes restrictions concernant les grands \u00e9v\u00e9nements et les d\u00e9placements, Messe Frankfurt et ses partenaires, l\u2019Association des Pressings Allemands et VDMA Textile Care, Fabric and Leather Technologies ont [&hellip;]<\/p>\n","protected":false},"author":1,"featured_media":4342,"comment_status":"closed","ping_status":"open","sticky":false,"template":"","format":"standard","meta":{"inline_featured_image":false,"footnotes":""},"categories":[160],"tags":[],"acf":[],"yoast_head":"<!-- This site is optimized with the Yoast SEO plugin v21.5 - https:\/\/yoast.com\/wordpress\/plugins\/seo\/ -->\n<title>Texcare international \u00e0 francfort - Barbanti<\/title>\n<meta name=\"robots\" content=\"index, follow, max-snippet:-1, max-image-preview:large, max-video-preview:-1\" \/>\n<link rel=\"canonical\" href=\"https:\/\/barbanti.it\/fr\/texcare-international-a-francfort\/\" \/>\n<meta property=\"og:locale\" content=\"fr_FR\" \/>\n<meta property=\"og:type\" content=\"article\" \/>\n<meta property=\"og:title\" content=\"Texcare international \u00e0 francfort - Barbanti\" \/>\n<meta property=\"og:description\" content=\"Nouvelles Dates : Texcare International se tiendra du 27 Novembre au 1er D\u00e9cembre 2021\u00a0 \u00c0 cause de la situation mondiale due \u00e0 la pand\u00e9mie de Coronavirus et aux cons\u00e9quentes restrictions concernant les grands \u00e9v\u00e9nements et les d\u00e9placements, Messe Frankfurt et ses partenaires, l\u2019Association des Pressings Allemands et VDMA Textile Care, Fabric and Leather Technologies ont [&hellip;]\" \/>\n<meta property=\"og:url\" content=\"https:\/\/barbanti.it\/fr\/texcare-international-a-francfort\/\" \/>\n<meta property=\"og:site_name\" content=\"Barbanti\" \/>\n<meta property=\"article:published_time\" content=\"2020-06-08T10:32:09+00:00\" \/>\n<meta property=\"article:modified_time\" content=\"2020-09-25T12:24:12+00:00\" \/>\n<meta property=\"og:image\" content=\"https:\/\/barbanti.it\/wp-content\/uploads\/2020\/06\/barbanti-expo.jpg\" \/>\n\t<meta property=\"og:image:width\" content=\"1500\" \/>\n\t<meta property=\"og:image:height\" content=\"500\" \/>\n\t<meta property=\"og:image:type\" content=\"image\/jpeg\" \/>\n<meta name=\"author\" content=\"studiokina\" \/>\n<meta name=\"twitter:card\" content=\"summary_large_image\" \/>\n<meta name=\"twitter:label1\" content=\"\u00c9crit par\" \/>\n\t<meta name=\"twitter:data1\" content=\"studiokina\" \/>\n<script type=\"application\/ld+json\" class=\"yoast-schema-graph\">{\"@context\":\"https:\/\/schema.org\",\"@graph\":[{\"@type\":\"Article\",\"@id\":\"https:\/\/barbanti.it\/fr\/texcare-international-a-francfort\/#article\",\"isPartOf\":{\"@id\":\"https:\/\/barbanti.it\/fr\/texcare-international-a-francfort\/\"},\"author\":{\"name\":\"studiokina\",\"@id\":\"https:\/\/barbanti.it\/#\/schema\/person\/f9307d492df786bf692acab3173c7368\"},\"headline\":\"Texcare international \u00e0 francfort\",\"datePublished\":\"2020-06-08T10:32:09+00:00\",\"dateModified\":\"2020-09-25T12:24:12+00:00\",\"mainEntityOfPage\":{\"@id\":\"https:\/\/barbanti.it\/fr\/texcare-international-a-francfort\/\"},\"wordCount\":84,\"publisher\":{\"@id\":\"https:\/\/barbanti.it\/#organization\"},\"articleSection\":[\"Salons et manifestations\"],\"inLanguage\":\"fr-FR\"},{\"@type\":\"WebPage\",\"@id\":\"https:\/\/barbanti.it\/fr\/texcare-international-a-francfort\/\",\"url\":\"https:\/\/barbanti.it\/fr\/texcare-international-a-francfort\/\",\"name\":\"Texcare international \u00e0 francfort - Barbanti\",\"isPartOf\":{\"@id\":\"https:\/\/barbanti.it\/#website\"},\"datePublished\":\"2020-06-08T10:32:09+00:00\",\"dateModified\":\"2020-09-25T12:24:12+00:00\",\"inLanguage\":\"fr-FR\",\"potentialAction\":[{\"@type\":\"ReadAction\",\"target\":[\"https:\/\/barbanti.it\/fr\/texcare-international-a-francfort\/\"]}]},{\"@type\":\"WebSite\",\"@id\":\"https:\/\/barbanti.it\/#website\",\"url\":\"https:\/\/barbanti.it\/\",\"name\":\"Barbanti\",\"description\":\"\u00c9quipement pour le repassage industriel\",\"publisher\":{\"@id\":\"https:\/\/barbanti.it\/#organization\"},\"potentialAction\":[{\"@type\":\"SearchAction\",\"target\":{\"@type\":\"EntryPoint\",\"urlTemplate\":\"https:\/\/barbanti.it\/?s={search_term_string}\"},\"query-input\":\"required name=search_term_string\"}],\"inLanguage\":\"fr-FR\"},{\"@type\":\"Organization\",\"@id\":\"https:\/\/barbanti.it\/#organization\",\"name\":\"Barbanti\",\"url\":\"https:\/\/barbanti.it\/\",\"logo\":{\"@type\":\"ImageObject\",\"inLanguage\":\"fr-FR\",\"@id\":\"https:\/\/barbanti.it\/#\/schema\/logo\/image\/\",\"url\":\"https:\/\/barbanti.it\/wp-content\/uploads\/2020\/09\/logo.svg\",\"contentUrl\":\"https:\/\/barbanti.it\/wp-content\/uploads\/2020\/09\/logo.svg\",\"width\":449,\"height\":119,\"caption\":\"Barbanti\"},\"image\":{\"@id\":\"https:\/\/barbanti.it\/#\/schema\/logo\/image\/\"}},{\"@type\":\"Person\",\"@id\":\"https:\/\/barbanti.it\/#\/schema\/person\/f9307d492df786bf692acab3173c7368\",\"name\":\"studiokina\",\"image\":{\"@type\":\"ImageObject\",\"inLanguage\":\"fr-FR\",\"@id\":\"https:\/\/barbanti.it\/#\/schema\/person\/image\/\",\"url\":\"https:\/\/barbanti.it\/wp-content\/litespeed\/avatar\/ed2ef2bfc68d6beb9f1c4dd662c4af81.jpg?ver=1777520788\",\"contentUrl\":\"https:\/\/barbanti.it\/wp-content\/litespeed\/avatar\/ed2ef2bfc68d6beb9f1c4dd662c4af81.jpg?ver=1777520788\",\"caption\":\"studiokina\"},\"sameAs\":[\"http:\/\/barbanti.it\"],\"url\":\"https:\/\/barbanti.it\/fr\/author\/studiokina\/\"}]}<\/script>\n<!-- \/ Yoast SEO plugin. -->","yoast_head_json":{"title":"Texcare international \u00e0 francfort - Barbanti","robots":{"index":"index","follow":"follow","max-snippet":"max-snippet:-1","max-image-preview":"max-image-preview:large","max-video-preview":"max-video-preview:-1"},"canonical":"https:\/\/barbanti.it\/fr\/texcare-international-a-francfort\/","og_locale":"fr_FR","og_type":"article","og_title":"Texcare international \u00e0 francfort - Barbanti","og_description":"Nouvelles Dates : Texcare International se tiendra du 27 Novembre au 1er D\u00e9cembre 2021\u00a0 \u00c0 cause de la situation mondiale due \u00e0 la pand\u00e9mie de Coronavirus et aux cons\u00e9quentes restrictions concernant les grands \u00e9v\u00e9nements et les d\u00e9placements, Messe Frankfurt et ses partenaires, l\u2019Association des Pressings Allemands et VDMA Textile Care, Fabric and Leather Technologies ont [&hellip;]","og_url":"https:\/\/barbanti.it\/fr\/texcare-international-a-francfort\/","og_site_name":"Barbanti","article_published_time":"2020-06-08T10:32:09+00:00","article_modified_time":"2020-09-25T12:24:12+00:00","og_image":[{"width":1500,"height":500,"url":"https:\/\/barbanti.it\/wp-content\/uploads\/2020\/06\/barbanti-expo.jpg","type":"image\/jpeg"}],"author":"studiokina","twitter_card":"summary_large_image","twitter_misc":{"\u00c9crit par":"studiokina"},"schema":{"@context":"https:\/\/schema.org","@graph":[{"@type":"Article","@id":"https:\/\/barbanti.it\/fr\/texcare-international-a-francfort\/#article","isPartOf":{"@id":"https:\/\/barbanti.it\/fr\/texcare-international-a-francfort\/"},"author":{"name":"studiokina","@id":"https:\/\/barbanti.it\/#\/schema\/person\/f9307d492df786bf692acab3173c7368"},"headline":"Texcare international \u00e0 francfort","datePublished":"2020-06-08T10:32:09+00:00","dateModified":"2020-09-25T12:24:12+00:00","mainEntityOfPage":{"@id":"https:\/\/barbanti.it\/fr\/texcare-international-a-francfort\/"},"wordCount":84,"publisher":{"@id":"https:\/\/barbanti.it\/#organization"},"articleSection":["Salons et manifestations"],"inLanguage":"fr-FR"},{"@type":"WebPage","@id":"https:\/\/barbanti.it\/fr\/texcare-international-a-francfort\/","url":"https:\/\/barbanti.it\/fr\/texcare-international-a-francfort\/","name":"Texcare international \u00e0 francfort - Barbanti","isPartOf":{"@id":"https:\/\/barbanti.it\/#website"},"datePublished":"2020-06-08T10:32:09+00:00","dateModified":"2020-09-25T12:24:12+00:00","inLanguage":"fr-FR","potentialAction":[{"@type":"ReadAction","target":["https:\/\/barbanti.it\/fr\/texcare-international-a-francfort\/"]}]},{"@type":"WebSite","@id":"https:\/\/barbanti.it\/#website","url":"https:\/\/barbanti.it\/","name":"Barbanti","description":"\u00c9quipement pour le repassage industriel","publisher":{"@id":"https:\/\/barbanti.it\/#organization"},"potentialAction":[{"@type":"SearchAction","target":{"@type":"EntryPoint","urlTemplate":"https:\/\/barbanti.it\/?s={search_term_string}"},"query-input":"required name=search_term_string"}],"inLanguage":"fr-FR"},{"@type":"Organization","@id":"https:\/\/barbanti.it\/#organization","name":"Barbanti","url":"https:\/\/barbanti.it\/","logo":{"@type":"ImageObject","inLanguage":"fr-FR","@id":"https:\/\/barbanti.it\/#\/schema\/logo\/image\/","url":"https:\/\/barbanti.it\/wp-content\/uploads\/2020\/09\/logo.svg","contentUrl":"https:\/\/barbanti.it\/wp-content\/uploads\/2020\/09\/logo.svg","width":449,"height":119,"caption":"Barbanti"},"image":{"@id":"https:\/\/barbanti.it\/#\/schema\/logo\/image\/"}},{"@type":"Person","@id":"https:\/\/barbanti.it\/#\/schema\/person\/f9307d492df786bf692acab3173c7368","name":"studiokina","image":{"@type":"ImageObject","inLanguage":"fr-FR","@id":"https:\/\/barbanti.it\/#\/schema\/person\/image\/","url":"https:\/\/barbanti.it\/wp-content\/litespeed\/avatar\/ed2ef2bfc68d6beb9f1c4dd662c4af81.jpg?ver=1777520788","contentUrl":"https:\/\/barbanti.it\/wp-content\/litespeed\/avatar\/ed2ef2bfc68d6beb9f1c4dd662c4af81.jpg?ver=1777520788","caption":"studiokina"},"sameAs":["http:\/\/barbanti.it"],"url":"https:\/\/barbanti.it\/fr\/author\/studiokina\/"}]}},"_links":{"self":[{"href":"https:\/\/barbanti.it\/fr\/wp-json\/wp\/v2\/posts\/4340"}],"collection":[{"href":"https:\/\/barbanti.it\/fr\/wp-json\/wp\/v2\/posts"}],"about":[{"href":"https:\/\/barbanti.it\/fr\/wp-json\/wp\/v2\/types\/post"}],"author":[{"embeddable":true,"href":"https:\/\/barbanti.it\/fr\/wp-json\/wp\/v2\/users\/1"}],"replies":[{"embeddable":true,"href":"https:\/\/barbanti.it\/fr\/wp-json\/wp\/v2\/comments?post=4340"}],"version-history":[{"count":4,"href":"https:\/\/barbanti.it\/fr\/wp-json\/wp\/v2\/posts\/4340\/revisions"}],"predecessor-version":[{"id":4454,"href":"https:\/\/barbanti.it\/fr\/wp-json\/wp\/v2\/posts\/4340\/revisions\/4454"}],"wp:featuredmedia":[{"embeddable":true,"href":"https:\/\/barbanti.it\/fr\/wp-json\/wp\/v2\/media\/4342"}],"wp:attachment":[{"href":"https:\/\/barbanti.it\/fr\/wp-json\/wp\/v2\/media?parent=4340"}],"wp:term":[{"taxonomy":"category","embeddable":true,"href":"https:\/\/barbanti.it\/fr\/wp-json\/wp\/v2\/categories?post=4340"},{"taxonomy":"post_tag","embeddable":true,"href":"https:\/\/barbanti.it\/fr\/wp-json\/wp\/v2\/tags?post=4340"}],"curies":[{"name":"wp","href":"https:\/\/api.w.org\/{rel}","templated":true}]}}